{"id":96308,"date":"2019-09-12T11:46:42","date_gmt":"2019-09-12T04:46:42","guid":{"rendered":"https:\/\/advantage.vn\/tieng-viet-cac-doanh-nghiep-vua-va-nho-o-dia-phuong-phan-ung-cham-voi-cac-hiep-dinh-thuong-mai-tu-do\/"},"modified":"2022-08-20T15:16:56","modified_gmt":"2022-08-20T08:16:56","slug":"local-smes-slow-to-respond-to-free-trade-pacts","status":"publish","type":"post","link":"https:\/\/advantage.vn\/en\/local-smes-slow-to-respond-to-free-trade-pacts\/","title":{"rendered":"Local SMEs slow to respond to free trade pacts"},"content":{"rendered":"<p title=\"Local SMEs slow to respond to free trade pacts\"><strong>Many local firms, particularly small and medium-sized enterprises (SMEs). Remain indifferent and are making no preparations to make the most of the European Union-Vietnam free trade agreement (EVFTA).<\/strong><\/p>\n<p><img decoding=\"async\" loading=\"lazy\" class=\"aligncenter size-full wp-image-75829\" src=\"https:\/\/advantage.vn\/wp-content\/uploads\/2019\/09\/C\u00e1c-Doanh-Nghi\u1ec7p-V\u1eeba-V\u00e0-Nh\u1ecf-\u1ede-\u0110\u1ecba-Ph\u01b0\u01a1ng-Ph\u1ea3n-\u1ee8ng-Ch\u1eadm-V\u1edbi-C\u00e1c-Hi\u1ec7p-\u0110\u1ecbnh-Th\u01b0\u01a1ng-M\u1ea1i-T\u1ef1-Do-1.jpg\" alt=\"\" width=\"490\" height=\"326\" srcset=\"https:\/\/advantage.vn\/wp-content\/uploads\/2019\/09\/C\u00e1c-Doanh-Nghi\u1ec7p-V\u1eeba-V\u00e0-Nh\u1ecf-\u1ede-\u0110\u1ecba-Ph\u01b0\u01a1ng-Ph\u1ea3n-\u1ee8ng-Ch\u1eadm-V\u1edbi-C\u00e1c-Hi\u1ec7p-\u0110\u1ecbnh-Th\u01b0\u01a1ng-M\u1ea1i-T\u1ef1-Do-1.jpg 490w, https:\/\/advantage.vn\/wp-content\/uploads\/2019\/09\/C\u00e1c-Doanh-Nghi\u1ec7p-V\u1eeba-V\u00e0-Nh\u1ecf-\u1ede-\u0110\u1ecba-Ph\u01b0\u01a1ng-Ph\u1ea3n-\u1ee8ng-Ch\u1eadm-V\u1edbi-C\u00e1c-Hi\u1ec7p-\u0110\u1ecbnh-Th\u01b0\u01a1ng-M\u1ea1i-T\u1ef1-Do-1-300x200.jpg 300w\" sizes=\"(max-width: 490px) 100vw, 490px\" \/><\/p>\n<p style=\"text-align: center;\"><strong><em>Employees work at an apparel firm. Vietnamese firms, particularly small and medium-sized ones, are making no preparations to reap the full benefits of EVFTA &#8211; PHOTO: VNA<\/em><\/strong><\/p>\n<p>Vietnam has signed and executed multiple FTAs. That creates opportunities for the local economy. Ngo Chung Khanh, deputy head of the Multilateral Trade Policy Department at the Ministry of Industry and Trade. He told a conference titled \u201cIdentifying trade and investment opportunities in the context of EVFTA,\u201d on July 10 in Hanoi.<\/p>\n<p>He noted that the ministry had voiced concern over the lack of preparation among local firms on the threshold of these trade pacts, including the EVFTA.<\/p>\n<p>Many firms have paid little attention to the latest trade pact. Since the EVFTA was announced to the public, the trade ministry received only two inquiries from companies regarding tariff codes and country of origin regulations. These questions were mainly raised by foreign-invested firms.<\/p>\n<p>Addressing the event, a representative of the Vietnam Chamber of Commerce and Industry (VCCI) pointed out that Vietnamese firms were lax in updating their knowledge bases. It is rumored that VCCI had insisted enterprises join its training courses. Rather than inviting them to do so, as the firms had shown no interest in these programs.<\/p>\n<p>Even on being notified of helpful training sessions on ways to export acipensers to Thailand. Both local authorities and firms expressed indifference, the VCCI representative said.<\/p>\n<p>Earlier, the prime minister issued a decision to execute the Comprehensive and Progressive Agreement for Trans-Pacific Partnership (CPTPP), asking ministries and local authorities to work out specific plans and send them to the trade ministry. However, the number of plans sent to the ministry remains modest to date. Even after repeated requests from the prime minister.<\/p>\n<p>These plans would help the country embrace opportunities and realize the benefits of the trade deals. If State management agencies continue to execute the EVFTA at the same snail\u2019s space as the CPTPP. These opportunities will never be realized, Khanh said.<\/p>\n<p>According to Khanh, companies in Vietnam have to make preparations to leverage the benefits of the EVFTA as soon as possible. And focus on product origin rules, technical barriers and duties. So that their products can quickly reach European consumers.<\/p>\n<p style=\"text-align: right;\"><strong>Source: SaigonTimes<\/strong><\/p>\n","protected":false},"excerpt":{"rendered":"<p>Many local firms, particularly small and medium-sized enterprises (SMEs). Remain indifferent and are making no preparations to make the most [&hellip;]<\/p>\n","protected":false},"author":1,"featured_media":75830,"comment_status":"open","ping_status":"open","sticky":false,"template":"","format":"standard","meta":{"footnotes":""},"categories":[44],"tags":[],"acf":[],"yoast_head":"<!-- This site is optimized with the Yoast SEO plugin v21.1 - https:\/\/yoast.com\/wordpress\/plugins\/seo\/ -->\n<title>Local SMEs slow to respond to free trade pacts - Advantage Logistics<\/title>\n<meta name=\"description\" content=\"Many local firms, particularly small and medium-sized enterprises (SMEs), remain indifferent and are making no preparations to make the most of the European Union-Vietnam free trade agreement (EVFTA).\" \/>\n<meta name=\"robots\" content=\"index, follow, max-snippet:-1, max-image-preview:large, max-video-preview:-1\" \/>\n<link rel=\"canonical\" href=\"https:\/\/advantage.vn\/en\/local-smes-slow-to-respond-to-free-trade-pacts\/\" \/>\n<meta property=\"og:locale\" content=\"en_US\" \/>\n<meta property=\"og:type\" content=\"article\" \/>\n<meta property=\"og:title\" content=\"Local SMEs slow to respond to free trade pacts - Advantage Logistics\" \/>\n<meta property=\"og:description\" content=\"Many local firms, particularly small and medium-sized enterprises (SMEs), remain indifferent and are making no preparations to make the most of the European Union-Vietnam free trade agreement (EVFTA).\" \/>\n<meta property=\"og:url\" content=\"https:\/\/advantage.vn\/en\/local-smes-slow-to-respond-to-free-trade-pacts\/\" \/>\n<meta property=\"og:site_name\" content=\"Advantage Logistics\" \/>\n<meta property=\"article:publisher\" content=\"https:\/\/www.facebook.com\/advantage.logistic\" \/>\n<meta property=\"article:author\" content=\"https:\/\/www.facebook.com\/advantage.logistic\" \/>\n<meta property=\"article:published_time\" content=\"2019-09-12T04:46:42+00:00\" \/>\n<meta property=\"article:modified_time\" content=\"2022-08-20T08:16:56+00:00\" \/>\n<meta property=\"og:image\" content=\"https:\/\/advantage.vn\/wp-content\/uploads\/2019\/09\/C\u00e1c-Doanh-Nghi\u1ec7p-V\u1eeba-V\u00e0-Nh\u1ecf-\u1ede-\u0110\u1ecba-Ph\u01b0\u01a1ng-3.png\" \/>\n\t<meta property=\"og:image:width\" content=\"400\" \/>\n\t<meta property=\"og:image:height\" content=\"240\" \/>\n\t<meta property=\"og:image:type\" content=\"image\/png\" \/>\n<meta name=\"author\" content=\"Advantage\" \/>\n<meta name=\"twitter:card\" content=\"summary_large_image\" \/>\n<meta name=\"twitter:label1\" content=\"Written by\" \/>\n\t<meta name=\"twitter:data1\" content=\"Advantage\" \/>\n\t<meta name=\"twitter:label2\" content=\"Est. reading time\" \/>\n\t<meta name=\"twitter:data2\" content=\"2 minutes\" \/>\n<script type=\"application\/ld+json\" class=\"yoast-schema-graph\">{\"@context\":\"https:\/\/schema.org\",\"@graph\":[{\"@type\":\"Article\",\"@id\":\"https:\/\/advantage.vn\/en\/local-smes-slow-to-respond-to-free-trade-pacts\/#article\",\"isPartOf\":{\"@id\":\"https:\/\/advantage.vn\/en\/local-smes-slow-to-respond-to-free-trade-pacts\/\"},\"author\":{\"name\":\"Advantage\",\"@id\":\"https:\/\/advantage.vn\/en\/#\/schema\/person\/85ececd85a34059a1a2fd571e92ada04\"},\"headline\":\"Local SMEs slow to respond to free trade pacts\",\"datePublished\":\"2019-09-12T04:46:42+00:00\",\"dateModified\":\"2022-08-20T08:16:56+00:00\",\"mainEntityOfPage\":{\"@id\":\"https:\/\/advantage.vn\/en\/local-smes-slow-to-respond-to-free-trade-pacts\/\"},\"wordCount\":406,\"commentCount\":0,\"publisher\":{\"@id\":\"https:\/\/advantage.vn\/en\/#organization\"},\"articleSection\":[\"News\"],\"inLanguage\":\"en-US\",\"potentialAction\":[{\"@type\":\"CommentAction\",\"name\":\"Comment\",\"target\":[\"https:\/\/advantage.vn\/en\/local-smes-slow-to-respond-to-free-trade-pacts\/#respond\"]}]},{\"@type\":\"WebPage\",\"@id\":\"https:\/\/advantage.vn\/en\/local-smes-slow-to-respond-to-free-trade-pacts\/\",\"url\":\"https:\/\/advantage.vn\/en\/local-smes-slow-to-respond-to-free-trade-pacts\/\",\"name\":\"Local SMEs slow to respond to free trade pacts - Advantage Logistics\",\"isPartOf\":{\"@id\":\"https:\/\/advantage.vn\/en\/#website\"},\"datePublished\":\"2019-09-12T04:46:42+00:00\",\"dateModified\":\"2022-08-20T08:16:56+00:00\",\"description\":\"Many local firms, particularly small and medium-sized enterprises (SMEs), remain indifferent and are making no preparations to make the most of the European Union-Vietnam free trade agreement (EVFTA).\",\"breadcrumb\":{\"@id\":\"https:\/\/advantage.vn\/en\/local-smes-slow-to-respond-to-free-trade-pacts\/#breadcrumb\"},\"inLanguage\":\"en-US\",\"potentialAction\":[{\"@type\":\"ReadAction\",\"target\":[\"https:\/\/advantage.vn\/en\/local-smes-slow-to-respond-to-free-trade-pacts\/\"]}]},{\"@type\":\"BreadcrumbList\",\"@id\":\"https:\/\/advantage.vn\/en\/local-smes-slow-to-respond-to-free-trade-pacts\/#breadcrumb\",\"itemListElement\":[{\"@type\":\"ListItem\",\"position\":1,\"name\":\"Trang ch\u1ee7\",\"item\":\"https:\/\/advantage.vn\/en\/\"},{\"@type\":\"ListItem\",\"position\":2,\"name\":\"Local SMEs slow to respond to free trade pacts\"}]},{\"@type\":\"WebSite\",\"@id\":\"https:\/\/advantage.vn\/en\/#website\",\"url\":\"https:\/\/advantage.vn\/en\/\",\"name\":\"Advantage Logistics\",\"description\":\"[:vi]V\u1eadn t\u1ea3i, giao nh\u1eadn h\u00e0ng h\u00f3a...[:en]A leading NVOCC and logistics services provider in VN.[:]\",\"publisher\":{\"@id\":\"https:\/\/advantage.vn\/en\/#organization\"},\"potentialAction\":[{\"@type\":\"SearchAction\",\"target\":{\"@type\":\"EntryPoint\",\"urlTemplate\":\"https:\/\/advantage.vn\/en\/?s={search_term_string}\"},\"query-input\":\"required name=search_term_string\"}],\"inLanguage\":\"en-US\"},{\"@type\":\"Organization\",\"@id\":\"https:\/\/advantage.vn\/en\/#organization\",\"name\":\"Advantage Logistics\",\"url\":\"https:\/\/advantage.vn\/en\/\",\"logo\":{\"@type\":\"ImageObject\",\"inLanguage\":\"en-US\",\"@id\":\"https:\/\/advantage.vn\/en\/#\/schema\/logo\/image\/\",\"url\":\"https:\/\/advantage.vn\/wp-content\/uploads\/2023\/09\/Untitled-1.jpg\",\"contentUrl\":\"https:\/\/advantage.vn\/wp-content\/uploads\/2023\/09\/Untitled-1.jpg\",\"width\":768,\"height\":404,\"caption\":\"Advantage Logistics\"},\"image\":{\"@id\":\"https:\/\/advantage.vn\/en\/#\/schema\/logo\/image\/\"},\"sameAs\":[\"https:\/\/www.facebook.com\/advantage.logistic\",\"https:\/\/www.linkedin.com\/feed\/\",\"https:\/\/www.pinterest.com\/AdvantageLogistics\/\"]},{\"@type\":\"Person\",\"@id\":\"https:\/\/advantage.vn\/en\/#\/schema\/person\/85ececd85a34059a1a2fd571e92ada04\",\"name\":\"Advantage\",\"image\":{\"@type\":\"ImageObject\",\"inLanguage\":\"en-US\",\"@id\":\"https:\/\/advantage.vn\/en\/#\/schema\/person\/image\/\",\"url\":\"https:\/\/secure.gravatar.com\/avatar\/b77d31a10e09dc1d83568e175256ddd5?s=96&d=mm&r=g\",\"contentUrl\":\"https:\/\/secure.gravatar.com\/avatar\/b77d31a10e09dc1d83568e175256ddd5?s=96&d=mm&r=g\",\"caption\":\"Advantage\"},\"description\":\"K\u1ec3 t\u1eeb khi th\u00e0nh l\u1eadp, Advantage Logistics \u0111\u00e3 nhanh ch\u00f3ng ph\u00e1t huy \u0111\u01b0\u1ee3c l\u1ee3i th\u1ebf c\u1ee7a m\u00ecnh. V\u00e0 li\u00ean t\u1ee5c ph\u00e1t tri\u1ec3n v\u1edbi s\u1ef1 t\u0103ng tr\u01b0\u1edfng cao h\u00e0ng n\u0103m v\u1ec1 c\u1ea3 quy m\u00f4, ph\u1ea1m vi ho\u1ea1t \u0111\u1ed9ng v\u00e0 ch\u1ea5t l\u01b0\u1ee3ng d\u1ecbch v\u1ee5. Ch\u00fang t\u00f4i cung c\u1ea5p 4 lo\u1ea1i d\u1ecbch v\u1ee5 ch\u00ednh l\u00e0 1. \u1ee6y Th\u00e1c Xu\u1ea5t Nh\u1eadp Kh\u1ea9u, 2. V\u1eadn T\u1ea3i Trong V\u00e0 Ngo\u00e0i N\u01b0\u1edbc, 3. D\u1ecbch V\u1ee5 H\u1ea3i Quan, 4. D\u1ecbch V\u1ee5 Kho B\u00e3i Advantage Logistics v\u1edbi \u0111\u1ed9i ng\u0169 chuy\u00ean gia v\u1eadn t\u1ea3i, h\u1eadu c\u1ea7n, th\u01b0\u01a1ng m\u1ea1i chuy\u00ean nghi\u1ec7p cam k\u1ebft s\u1ebd \u0111\u00e1p \u1ee9ng, h\u01a1n th\u1ebf n\u1eefa c\u00f2n v\u01b0\u1ee3t qu\u00e1 mong \u0111\u1ee3i v\u1eadn chuy\u1ec3n c\u1ee7a Qu\u00fd Kh\u00e1ch H\u00e0ng. Ch\u00fang t\u00f4i t\u1ef1 h\u00e0o v\u1ec1 kh\u1ea3 n\u0103ng duy tr\u00ec b\u1ea7u kh\u00f4ng kh\u00ed c\u00e1 nh\u00e2n h\u00f3a, \u0111\u00e1p \u1ee9ng linh ho\u1ea1t c\u00e1c y\u00eau c\u1ea7u c\u1ee7a kh\u00e1ch h\u00e0ng v\u00e0 gi\u00e1 c\u1ea3 c\u1ea1nh tranh cao.\",\"sameAs\":[\"https:\/\/advantage.vn\/vi\/\",\"https:\/\/www.facebook.com\/advantage.logistic\",\"https:\/\/www.instagram.com\/advantage_logistics\/\",\"https:\/\/www.linkedin.com\/company\/advantage-logistics\",\"https:\/\/www.pinterest.com\/AdvantageLogistics\",\"https:\/\/advantagelogistics.tumblr.com\/\"],\"url\":\"https:\/\/advantage.vn\/en\/author\/admin\/\"}]}<\/script>\n<!-- \/ Yoast SEO plugin. -->","yoast_head_json":{"title":"Local SMEs slow to respond to free trade pacts - Advantage Logistics","description":"Many local firms, particularly small and medium-sized enterprises (SMEs), remain indifferent and are making no preparations to make the most of the European Union-Vietnam free trade agreement (EVFTA).","robots":{"index":"index","follow":"follow","max-snippet":"max-snippet:-1","max-image-preview":"max-image-preview:large","max-video-preview":"max-video-preview:-1"},"canonical":"https:\/\/advantage.vn\/en\/local-smes-slow-to-respond-to-free-trade-pacts\/","og_locale":"en_US","og_type":"article","og_title":"Local SMEs slow to respond to free trade pacts - Advantage Logistics","og_description":"Many local firms, particularly small and medium-sized enterprises (SMEs), remain indifferent and are making no preparations to make the most of the European Union-Vietnam free trade agreement (EVFTA).","og_url":"https:\/\/advantage.vn\/en\/local-smes-slow-to-respond-to-free-trade-pacts\/","og_site_name":"Advantage Logistics","article_publisher":"https:\/\/www.facebook.com\/advantage.logistic","article_author":"https:\/\/www.facebook.com\/advantage.logistic","article_published_time":"2019-09-12T04:46:42+00:00","article_modified_time":"2022-08-20T08:16:56+00:00","og_image":[{"width":400,"height":240,"url":"https:\/\/advantage.vn\/wp-content\/uploads\/2019\/09\/C\u00e1c-Doanh-Nghi\u1ec7p-V\u1eeba-V\u00e0-Nh\u1ecf-\u1ede-\u0110\u1ecba-Ph\u01b0\u01a1ng-3.png","type":"image\/png"}],"author":"Advantage","twitter_card":"summary_large_image","twitter_misc":{"Written by":"Advantage","Est. reading time":"2 minutes"},"schema":{"@context":"https:\/\/schema.org","@graph":[{"@type":"Article","@id":"https:\/\/advantage.vn\/en\/local-smes-slow-to-respond-to-free-trade-pacts\/#article","isPartOf":{"@id":"https:\/\/advantage.vn\/en\/local-smes-slow-to-respond-to-free-trade-pacts\/"},"author":{"name":"Advantage","@id":"https:\/\/advantage.vn\/en\/#\/schema\/person\/85ececd85a34059a1a2fd571e92ada04"},"headline":"Local SMEs slow to respond to free trade pacts","datePublished":"2019-09-12T04:46:42+00:00","dateModified":"2022-08-20T08:16:56+00:00","mainEntityOfPage":{"@id":"https:\/\/advantage.vn\/en\/local-smes-slow-to-respond-to-free-trade-pacts\/"},"wordCount":406,"commentCount":0,"publisher":{"@id":"https:\/\/advantage.vn\/en\/#organization"},"articleSection":["News"],"inLanguage":"en-US","potentialAction":[{"@type":"CommentAction","name":"Comment","target":["https:\/\/advantage.vn\/en\/local-smes-slow-to-respond-to-free-trade-pacts\/#respond"]}]},{"@type":"WebPage","@id":"https:\/\/advantage.vn\/en\/local-smes-slow-to-respond-to-free-trade-pacts\/","url":"https:\/\/advantage.vn\/en\/local-smes-slow-to-respond-to-free-trade-pacts\/","name":"Local SMEs slow to respond to free trade pacts - Advantage Logistics","isPartOf":{"@id":"https:\/\/advantage.vn\/en\/#website"},"datePublished":"2019-09-12T04:46:42+00:00","dateModified":"2022-08-20T08:16:56+00:00","description":"Many local firms, particularly small and medium-sized enterprises (SMEs), remain indifferent and are making no preparations to make the most of the European Union-Vietnam free trade agreement (EVFTA).","breadcrumb":{"@id":"https:\/\/advantage.vn\/en\/local-smes-slow-to-respond-to-free-trade-pacts\/#breadcrumb"},"inLanguage":"en-US","potentialAction":[{"@type":"ReadAction","target":["https:\/\/advantage.vn\/en\/local-smes-slow-to-respond-to-free-trade-pacts\/"]}]},{"@type":"BreadcrumbList","@id":"https:\/\/advantage.vn\/en\/local-smes-slow-to-respond-to-free-trade-pacts\/#breadcrumb","itemListElement":[{"@type":"ListItem","position":1,"name":"Trang ch\u1ee7","item":"https:\/\/advantage.vn\/en\/"},{"@type":"ListItem","position":2,"name":"Local SMEs slow to respond to free trade pacts"}]},{"@type":"WebSite","@id":"https:\/\/advantage.vn\/en\/#website","url":"https:\/\/advantage.vn\/en\/","name":"Advantage Logistics","description":"[:vi]V\u1eadn t\u1ea3i, giao nh\u1eadn h\u00e0ng h\u00f3a...[:en]A leading NVOCC and logistics services provider in VN.[:]","publisher":{"@id":"https:\/\/advantage.vn\/en\/#organization"},"potentialAction":[{"@type":"SearchAction","target":{"@type":"EntryPoint","urlTemplate":"https:\/\/advantage.vn\/en\/?s={search_term_string}"},"query-input":"required name=search_term_string"}],"inLanguage":"en-US"},{"@type":"Organization","@id":"https:\/\/advantage.vn\/en\/#organization","name":"Advantage Logistics","url":"https:\/\/advantage.vn\/en\/","logo":{"@type":"ImageObject","inLanguage":"en-US","@id":"https:\/\/advantage.vn\/en\/#\/schema\/logo\/image\/","url":"https:\/\/advantage.vn\/wp-content\/uploads\/2023\/09\/Untitled-1.jpg","contentUrl":"https:\/\/advantage.vn\/wp-content\/uploads\/2023\/09\/Untitled-1.jpg","width":768,"height":404,"caption":"Advantage Logistics"},"image":{"@id":"https:\/\/advantage.vn\/en\/#\/schema\/logo\/image\/"},"sameAs":["https:\/\/www.facebook.com\/advantage.logistic","https:\/\/www.linkedin.com\/feed\/","https:\/\/www.pinterest.com\/AdvantageLogistics\/"]},{"@type":"Person","@id":"https:\/\/advantage.vn\/en\/#\/schema\/person\/85ececd85a34059a1a2fd571e92ada04","name":"Advantage","image":{"@type":"ImageObject","inLanguage":"en-US","@id":"https:\/\/advantage.vn\/en\/#\/schema\/person\/image\/","url":"https:\/\/secure.gravatar.com\/avatar\/b77d31a10e09dc1d83568e175256ddd5?s=96&d=mm&r=g","contentUrl":"https:\/\/secure.gravatar.com\/avatar\/b77d31a10e09dc1d83568e175256ddd5?s=96&d=mm&r=g","caption":"Advantage"},"description":"K\u1ec3 t\u1eeb khi th\u00e0nh l\u1eadp, Advantage Logistics \u0111\u00e3 nhanh ch\u00f3ng ph\u00e1t huy \u0111\u01b0\u1ee3c l\u1ee3i th\u1ebf c\u1ee7a m\u00ecnh. V\u00e0 li\u00ean t\u1ee5c ph\u00e1t tri\u1ec3n v\u1edbi s\u1ef1 t\u0103ng tr\u01b0\u1edfng cao h\u00e0ng n\u0103m v\u1ec1 c\u1ea3 quy m\u00f4, ph\u1ea1m vi ho\u1ea1t \u0111\u1ed9ng v\u00e0 ch\u1ea5t l\u01b0\u1ee3ng d\u1ecbch v\u1ee5. Ch\u00fang t\u00f4i cung c\u1ea5p 4 lo\u1ea1i d\u1ecbch v\u1ee5 ch\u00ednh l\u00e0 1. \u1ee6y Th\u00e1c Xu\u1ea5t Nh\u1eadp Kh\u1ea9u, 2. V\u1eadn T\u1ea3i Trong V\u00e0 Ngo\u00e0i N\u01b0\u1edbc, 3. D\u1ecbch V\u1ee5 H\u1ea3i Quan, 4. D\u1ecbch V\u1ee5 Kho B\u00e3i Advantage Logistics v\u1edbi \u0111\u1ed9i ng\u0169 chuy\u00ean gia v\u1eadn t\u1ea3i, h\u1eadu c\u1ea7n, th\u01b0\u01a1ng m\u1ea1i chuy\u00ean nghi\u1ec7p cam k\u1ebft s\u1ebd \u0111\u00e1p \u1ee9ng, h\u01a1n th\u1ebf n\u1eefa c\u00f2n v\u01b0\u1ee3t qu\u00e1 mong \u0111\u1ee3i v\u1eadn chuy\u1ec3n c\u1ee7a Qu\u00fd Kh\u00e1ch H\u00e0ng. Ch\u00fang t\u00f4i t\u1ef1 h\u00e0o v\u1ec1 kh\u1ea3 n\u0103ng duy tr\u00ec b\u1ea7u kh\u00f4ng kh\u00ed c\u00e1 nh\u00e2n h\u00f3a, \u0111\u00e1p \u1ee9ng linh ho\u1ea1t c\u00e1c y\u00eau c\u1ea7u c\u1ee7a kh\u00e1ch h\u00e0ng v\u00e0 gi\u00e1 c\u1ea3 c\u1ea1nh tranh cao.","sameAs":["https:\/\/advantage.vn\/vi\/","https:\/\/www.facebook.com\/advantage.logistic","https:\/\/www.instagram.com\/advantage_logistics\/","https:\/\/www.linkedin.com\/company\/advantage-logistics","https:\/\/www.pinterest.com\/AdvantageLogistics","https:\/\/advantagelogistics.tumblr.com\/"],"url":"https:\/\/advantage.vn\/en\/author\/admin\/"}]}},"_links":{"self":[{"href":"https:\/\/advantage.vn\/en\/wp-json\/wp\/v2\/posts\/96308"}],"collection":[{"href":"https:\/\/advantage.vn\/en\/wp-json\/wp\/v2\/posts"}],"about":[{"href":"https:\/\/advantage.vn\/en\/wp-json\/wp\/v2\/types\/post"}],"author":[{"embeddable":true,"href":"https:\/\/advantage.vn\/en\/wp-json\/wp\/v2\/users\/1"}],"replies":[{"embeddable":true,"href":"https:\/\/advantage.vn\/en\/wp-json\/wp\/v2\/comments?post=96308"}],"version-history":[{"count":0,"href":"https:\/\/advantage.vn\/en\/wp-json\/wp\/v2\/posts\/96308\/revisions"}],"wp:featuredmedia":[{"embeddable":true,"href":"https:\/\/advantage.vn\/en\/wp-json\/wp\/v2\/media\/75830"}],"wp:attachment":[{"href":"https:\/\/advantage.vn\/en\/wp-json\/wp\/v2\/media?parent=96308"}],"wp:term":[{"taxonomy":"category","embeddable":true,"href":"https:\/\/advantage.vn\/en\/wp-json\/wp\/v2\/categories?post=96308"},{"taxonomy":"post_tag","embeddable":true,"href":"https:\/\/advantage.vn\/en\/wp-json\/wp\/v2\/tags?post=96308"}],"curies":[{"name":"wp","href":"https:\/\/api.w.org\/{rel}","templated":true}]}}